{"id":154,"date":"2022-03-27T20:53:44","date_gmt":"2022-03-27T20:53:44","guid":{"rendered":"https:\/\/confederacionmasonica.org\/cmfa\/?p=154"},"modified":"2022-03-27T20:53:44","modified_gmt":"2022-03-27T20:53:44","slug":"encontro-comfa","status":"publish","type":"post","link":"https:\/\/confederacionmasonica.org\/cmfa\/2022\/03\/27\/encontro-comfa\/","title":{"rendered":"Encontro COMFA"},"content":{"rendered":"\n<figure class=\"wp-block-image size-large\"><img loading=\"lazy\" decoding=\"async\" width=\"768\" height=\"1024\" src=\"https:\/\/confederacionmasonica.org\/cmfa\/wp-content\/uploads\/2022\/03\/IMG-20220327-WA0008-768x1024.jpg\" alt=\"\" class=\"wp-image-155\" srcset=\"https:\/\/confederacionmasonica.org\/cmfa\/wp-content\/uploads\/2022\/03\/IMG-20220327-WA0008-768x1024.jpg 768w, https:\/\/confederacionmasonica.org\/cmfa\/wp-content\/uploads\/2022\/03\/IMG-20220327-WA0008-225x300.jpg 225w, https:\/\/confederacionmasonica.org\/cmfa\/wp-content\/uploads\/2022\/03\/IMG-20220327-WA0008.jpg 960w\" sizes=\"auto, (max-width: 768px) 100vw, 768px\" \/><\/figure>\n\n\n\n<p>Na Manh\u00e3 de s\u00e1bado 26 de Mar\u00e7o , o Secret\u00e1rio Geral da COMFA IPH Sales Morenno esteve na cidade de S\u00e3o Paulo , para tratar de ajustes , com o Secretario de Administra\u00e7\u00e3o da COMFA , IPH Saliba Urbano , que conversaram por algumas horas sobre a possibilidade do pr\u00f3ximo encontro da COMFA ser em S\u00e3o Paulo . o que o IPH Saliba Urbano, prontamente foi favor\u00e1vel, e ter\u00e1 o maior prazer em promover esse evento no Brasil.<br>A data 17 de setembro de 2022<br>Esperamos que possamos receber no brasil delega\u00e7\u00f5es de toda parte do mundo, agora com uma melhor condi\u00e7\u00e3o, devido a pandemia.<\/p>\n\n\n\n<p>On Saturday morning, March 26th, the General Secretary of COMFA IPH Sales Morenno was in the city of S\u00e3o Paulo, to discuss adjustments, with the Secretary of Administration of COMFA, IPH Saliba Urbano, who talked for a few hours about the possibility of the next COMFA meeting will be in S\u00e3o Paulo. which IPH Saliba Urbano, was promptly favorable, and will be delighted to promote this event in Brazil.<br>The date September 17, 2022<br>We hope that we can receive delegations from all over the world in Brazil, now in a better condition, due to the pandemic.<\/p>\n\n\n\n<p>En la ma\u00f1ana del s\u00e1bado 26 de marzo, el Secretario General de COMFA IPH Sales Morenno estuvo en la ciudad de S\u00e3o Paulo, para discutir ajustes, con el Secretario de Administraci\u00f3n de COMFA, IPH Saliba Urbano, quien convers\u00f3 por algunas horas sobre la posibilidad de la la pr\u00f3xima reuni\u00f3n de COMFA ser\u00e1 en S\u00e3o Paulo. lo cual IPH Saliba Urbano, fue prontamente favorable, y estar\u00e1 encantado de promover este evento en Brasil.<br>La fecha 17 de septiembre de 2022<br>Esperamos poder recibir delegaciones de todo el mundo en Brasil, ahora en mejores condiciones, debido a la pandemia.<\/p>\n\n\n\n<p>Le samedi matin 26 mars, le secr\u00e9taire g\u00e9n\u00e9ral de COMFA IPH Sales Morenno \u00e9tait dans la ville de S\u00e3o Paulo, pour discuter des ajustements, avec le secr\u00e9taire d&#8217;administration de COMFA, IPH Saliba Urbano, qui a parl\u00e9 pendant quelques heures de la possibilit\u00e9 de la prochaine r\u00e9union de la COMFA aura lieu \u00e0 S\u00e3o Paulo. auquel IPH Saliba Urbano, a rapidement \u00e9t\u00e9 favorable, et sera ravi de promouvoir cet \u00e9v\u00e9nement au Br\u00e9sil.<br>La date du 17 septembre 2022<br>Nous esp\u00e9rons pouvoir recevoir des d\u00e9l\u00e9gations du monde entier au Br\u00e9sil, d\u00e9sormais dans de meilleures conditions, en raison de la pand\u00e9mie.<\/p>\n","protected":false},"excerpt":{"rendered":"<p>Na Manh\u00e3 de s\u00e1bado 26 de Mar\u00e7o , o Secret\u00e1rio Geral da COMFA IPH Sales Morenno esteve na cidade de S\u00e3o Paulo , para tratar de ajustes , com o Secretario de Administra\u00e7\u00e3o da COMFA , IPH Saliba Urbano , que conversaram por algumas horas sobre a possibilidade do pr\u00f3ximo [&hellip;]<\/p>\n","protected":false},"author":1,"featured_media":156,"comment_status":"open","ping_status":"open","sticky":false,"template":"","format":"standard","meta":{"footnotes":""},"categories":[12],"tags":[9,11,10],"class_list":["post-154","post","type-post","status-publish","format-standard","has-post-thumbnail","hentry","category-noticias-comfa","tag-encontro","tag-sales","tag-saliba"],"_links":{"self":[{"href":"https:\/\/confederacionmasonica.org\/cmfa\/wp-json\/wp\/v2\/posts\/154","targetHints":{"allow":["GET"]}}],"collection":[{"href":"https:\/\/confederacionmasonica.org\/cmfa\/wp-json\/wp\/v2\/posts"}],"about":[{"href":"https:\/\/confederacionmasonica.org\/cmfa\/wp-json\/wp\/v2\/types\/post"}],"author":[{"embeddable":true,"href":"https:\/\/confederacionmasonica.org\/cmfa\/wp-json\/wp\/v2\/users\/1"}],"replies":[{"embeddable":true,"href":"https:\/\/confederacionmasonica.org\/cmfa\/wp-json\/wp\/v2\/comments?post=154"}],"version-history":[{"count":1,"href":"https:\/\/confederacionmasonica.org\/cmfa\/wp-json\/wp\/v2\/posts\/154\/revisions"}],"predecessor-version":[{"id":157,"href":"https:\/\/confederacionmasonica.org\/cmfa\/wp-json\/wp\/v2\/posts\/154\/revisions\/157"}],"wp:featuredmedia":[{"embeddable":true,"href":"https:\/\/confederacionmasonica.org\/cmfa\/wp-json\/wp\/v2\/media\/156"}],"wp:attachment":[{"href":"https:\/\/confederacionmasonica.org\/cmfa\/wp-json\/wp\/v2\/media?parent=154"}],"wp:term":[{"taxonomy":"category","embeddable":true,"href":"https:\/\/confederacionmasonica.org\/cmfa\/wp-json\/wp\/v2\/categories?post=154"},{"taxonomy":"post_tag","embeddable":true,"href":"https:\/\/confederacionmasonica.org\/cmfa\/wp-json\/wp\/v2\/tags?post=154"}],"curies":[{"name":"wp","href":"https:\/\/api.w.org\/{rel}","templated":true}]}}